{"id":980,"date":"2025-05-27T12:57:46","date_gmt":"2025-05-27T10:57:46","guid":{"rendered":"https:\/\/sportjournal.pictures\/press\/?p=980"},"modified":"2025-05-27T21:11:08","modified_gmt":"2025-05-27T19:11:08","slug":"ultimo-desfile-de-liverpool","status":"publish","type":"post","link":"https:\/\/sportjournal.pictures\/press\/2025\/05\/27\/ultimo-desfile-de-liverpool\/","title":{"rendered":"\u00daltimo desfile de Liverpool"},"content":{"rendered":"<div class=\"wp-block-image\">\n<figure class=\"alignleft size-full is-resized\"><img loading=\"lazy\" decoding=\"async\" width=\"1024\" height=\"1024\" src=\"https:\/\/sportjournal.pictures\/press\/images\/2025\/05\/liverpool_20250527-1.png\" alt=\"\" class=\"wp-image-985\" style=\"width:350px;height:auto\" srcset=\"https:\/\/sportjournal.pictures\/press\/images\/2025\/05\/liverpool_20250527-1.png 1024w, https:\/\/sportjournal.pictures\/press\/images\/2025\/05\/liverpool_20250527-1-300x300.png 300w, https:\/\/sportjournal.pictures\/press\/images\/2025\/05\/liverpool_20250527-1-150x150.png 150w, https:\/\/sportjournal.pictures\/press\/images\/2025\/05\/liverpool_20250527-1-768x768.png 768w\" sizes=\"auto, (max-width: 1024px) 100vw, 1024px\" \/><\/figure><\/div>\n\n\n<p><strong>SportJournal.pictures<\/strong><br>Reino Unido, 27\/05\/2025<br>Lo que deb\u00eda ser una celebraci\u00f3n eterna para los hinchas de Liverpool termin\u00f3 con sirenas, ambulancias y una tristeza dif\u00edcil de relatar. Durante el desfile de la victoria por la Premier League, un accidente empa\u00f1\u00f3 la alegr\u00eda: varias personas resultaron heridas y decenas debieron ser hospitalizadas. Un hombre de 53 a\u00f1os fue arrestado.<\/p>\n\n\n\n<p>La imagen que recorre el mundo es la de los bomberos asistiendo a un joven aficionado, con la bufanda roja a\u00fan en el cuello, como s\u00edmbolo de una pasi\u00f3n que ni el dolor puede arrancar.<\/p>\n\n\n\n<p>El l\u00edder laborista Keir Starmer fue categ\u00f3rico: \u201cTodos nos mantenemos unidos\u201d. Porque cuando el f\u00fatbol se convierte en tragedia, lo \u00fanico que queda es la solidaridad.<br><br><small>\u00a92025 \u201cArchibald Quill\u201d &#8211; All Rights Reserved<br>Copyright \u00a9 2025 ElCanillita.info \/ BlogDiario.info \/ SalaStampa.eu, world press service<br>Guzzo Photos &amp; Graphic Publications \u2013 Registro Editori e Stampatori n. 1441 Turin, Italy<\/small><\/p>\n","protected":false},"excerpt":{"rendered":"<p>Todos nos mantenemos unidos, dice Keir Starmer<\/p>\n","protected":false},"author":1,"featured_media":984,"comment_status":"closed","ping_status":"closed","sticky":false,"template":"","format":"standard","meta":{"footnotes":"","_links_to":"","_links_to_target":""},"categories":[28,25],"tags":[35],"class_list":["post-980","post","type-post","status-publish","format-standard","has-post-thumbnail","hentry","category-caninfo","category-futbol","tag-castellano","entry","rows"],"yoast_head":"<!-- This site is optimized with the Yoast SEO plugin v26.9 - https:\/\/yoast.com\/product\/yoast-seo-wordpress\/ -->\n<title>\u00daltimo desfile de Liverpool - Sport Journal Pictures<\/title>\n<meta name=\"description\" content=\"Got a Passion for Sport Action? Here You Are!\" \/>\n<meta name=\"robots\" content=\"index, follow, max-snippet:-1, max-image-preview:large, max-video-preview:-1\" \/>\n<link rel=\"canonical\" href=\"https:\/\/sportjournal.pictures\/press\/2025\/05\/27\/ultimo-desfile-de-liverpool\/\" \/>\n<meta property=\"og:locale\" content=\"es_ES\" \/>\n<meta property=\"og:type\" content=\"article\" \/>\n<meta property=\"og:title\" content=\"\u00daltimo desfile de Liverpool - Sport Journal Pictures\" \/>\n<meta property=\"og:description\" content=\"Got a Passion for Sport Action? Here You Are!\" \/>\n<meta property=\"og:url\" content=\"https:\/\/sportjournal.pictures\/press\/2025\/05\/27\/ultimo-desfile-de-liverpool\/\" \/>\n<meta property=\"og:site_name\" content=\"Sport Journal Pictures\" \/>\n<meta property=\"article:published_time\" content=\"2025-05-27T10:57:46+00:00\" \/>\n<meta property=\"article:modified_time\" content=\"2025-05-27T19:11:08+00:00\" \/>\n<meta property=\"og:image\" content=\"https:\/\/sportjournal.pictures\/press\/images\/2025\/05\/liverpool_20250527HH-1.png\" \/>\n\t<meta property=\"og:image:width\" content=\"450\" \/>\n\t<meta property=\"og:image:height\" content=\"300\" \/>\n\t<meta property=\"og:image:type\" content=\"image\/png\" \/>\n<meta name=\"author\" content=\"Guzzo Photos &amp; Graphic Publications\" \/>\n<meta name=\"twitter:card\" content=\"summary_large_image\" \/>\n<meta name=\"twitter:label1\" content=\"Escrito por\" \/>\n\t<meta name=\"twitter:data1\" content=\"Guzzo Photos &amp; Graphic Publications\" \/>\n\t<meta name=\"twitter:label2\" content=\"Tiempo de lectura\" \/>\n\t<meta name=\"twitter:data2\" content=\"1 minuto\" \/>\n<script type=\"application\/ld+json\" class=\"yoast-schema-graph\">{\"@context\":\"https:\/\/schema.org\",\"@graph\":[{\"@type\":\"Article\",\"@id\":\"https:\/\/sportjournal.pictures\/press\/2025\/05\/27\/ultimo-desfile-de-liverpool\/#article\",\"isPartOf\":{\"@id\":\"https:\/\/sportjournal.pictures\/press\/2025\/05\/27\/ultimo-desfile-de-liverpool\/\"},\"author\":{\"name\":\"Guzzo Photos &amp; Graphic Publications\",\"@id\":\"https:\/\/sportjournal.pictures\/press\/#\/schema\/person\/6b16fad255b292d29fbe31473e57f534\"},\"headline\":\"\u00daltimo desfile de Liverpool\",\"datePublished\":\"2025-05-27T10:57:46+00:00\",\"dateModified\":\"2025-05-27T19:11:08+00:00\",\"mainEntityOfPage\":{\"@id\":\"https:\/\/sportjournal.pictures\/press\/2025\/05\/27\/ultimo-desfile-de-liverpool\/\"},\"wordCount\":158,\"publisher\":{\"@id\":\"https:\/\/sportjournal.pictures\/press\/#organization\"},\"image\":{\"@id\":\"https:\/\/sportjournal.pictures\/press\/2025\/05\/27\/ultimo-desfile-de-liverpool\/#primaryimage\"},\"thumbnailUrl\":\"https:\/\/sportjournal.pictures\/press\/images\/2025\/05\/liverpool_20250527HH-1.png\",\"keywords\":[\"CASTELLANO\"],\"articleSection\":[\".\",\"Futbol\"],\"inLanguage\":\"es\"},{\"@type\":\"WebPage\",\"@id\":\"https:\/\/sportjournal.pictures\/press\/2025\/05\/27\/ultimo-desfile-de-liverpool\/\",\"url\":\"https:\/\/sportjournal.pictures\/press\/2025\/05\/27\/ultimo-desfile-de-liverpool\/\",\"name\":\"\u00daltimo desfile de Liverpool - Sport Journal Pictures\",\"isPartOf\":{\"@id\":\"https:\/\/sportjournal.pictures\/press\/#website\"},\"primaryImageOfPage\":{\"@id\":\"https:\/\/sportjournal.pictures\/press\/2025\/05\/27\/ultimo-desfile-de-liverpool\/#primaryimage\"},\"image\":{\"@id\":\"https:\/\/sportjournal.pictures\/press\/2025\/05\/27\/ultimo-desfile-de-liverpool\/#primaryimage\"},\"thumbnailUrl\":\"https:\/\/sportjournal.pictures\/press\/images\/2025\/05\/liverpool_20250527HH-1.png\",\"datePublished\":\"2025-05-27T10:57:46+00:00\",\"dateModified\":\"2025-05-27T19:11:08+00:00\",\"description\":\"Got a Passion for Sport Action? Here You Are!\",\"breadcrumb\":{\"@id\":\"https:\/\/sportjournal.pictures\/press\/2025\/05\/27\/ultimo-desfile-de-liverpool\/#breadcrumb\"},\"inLanguage\":\"es\",\"potentialAction\":[{\"@type\":\"ReadAction\",\"target\":[\"https:\/\/sportjournal.pictures\/press\/2025\/05\/27\/ultimo-desfile-de-liverpool\/\"]}]},{\"@type\":\"ImageObject\",\"inLanguage\":\"es\",\"@id\":\"https:\/\/sportjournal.pictures\/press\/2025\/05\/27\/ultimo-desfile-de-liverpool\/#primaryimage\",\"url\":\"https:\/\/sportjournal.pictures\/press\/images\/2025\/05\/liverpool_20250527HH-1.png\",\"contentUrl\":\"https:\/\/sportjournal.pictures\/press\/images\/2025\/05\/liverpool_20250527HH-1.png\",\"width\":450,\"height\":300},{\"@type\":\"BreadcrumbList\",\"@id\":\"https:\/\/sportjournal.pictures\/press\/2025\/05\/27\/ultimo-desfile-de-liverpool\/#breadcrumb\",\"itemListElement\":[{\"@type\":\"ListItem\",\"position\":1,\"name\":\"Home\",\"item\":\"https:\/\/sportjournal.pictures\/press\/\"},{\"@type\":\"ListItem\",\"position\":2,\"name\":\"\u00daltimo desfile de Liverpool\"}]},{\"@type\":\"WebSite\",\"@id\":\"https:\/\/sportjournal.pictures\/press\/#website\",\"url\":\"https:\/\/sportjournal.pictures\/press\/\",\"name\":\"Sport Journal Pictures\",\"description\":\"Got a Passion for Sport Action? Here You Are!\",\"publisher\":{\"@id\":\"https:\/\/sportjournal.pictures\/press\/#organization\"},\"potentialAction\":[{\"@type\":\"SearchAction\",\"target\":{\"@type\":\"EntryPoint\",\"urlTemplate\":\"https:\/\/sportjournal.pictures\/press\/?s={search_term_string}\"},\"query-input\":{\"@type\":\"PropertyValueSpecification\",\"valueRequired\":true,\"valueName\":\"search_term_string\"}}],\"inLanguage\":\"es\"},{\"@type\":\"Organization\",\"@id\":\"https:\/\/sportjournal.pictures\/press\/#organization\",\"name\":\"Guzzo Photos & Graphic Publications\",\"url\":\"https:\/\/sportjournal.pictures\/press\/\",\"logo\":{\"@type\":\"ImageObject\",\"inLanguage\":\"es\",\"@id\":\"https:\/\/sportjournal.pictures\/press\/#\/schema\/logo\/image\/\",\"url\":\"https:\/\/sportjournal.pictures\/press\/images\/2020\/01\/cropped-sportjournalpictures.png\",\"contentUrl\":\"https:\/\/sportjournal.pictures\/press\/images\/2020\/01\/cropped-sportjournalpictures.png\",\"width\":237,\"height\":113,\"caption\":\"Guzzo Photos & Graphic Publications\"},\"image\":{\"@id\":\"https:\/\/sportjournal.pictures\/press\/#\/schema\/logo\/image\/\"}},{\"@type\":\"Person\",\"@id\":\"https:\/\/sportjournal.pictures\/press\/#\/schema\/person\/6b16fad255b292d29fbe31473e57f534\",\"name\":\"Guzzo Photos &amp; Graphic Publications\"}]}<\/script>\n<!-- \/ Yoast SEO plugin. -->","yoast_head_json":{"title":"\u00daltimo desfile de Liverpool - Sport Journal Pictures","description":"Got a Passion for Sport Action? Here You Are!","robots":{"index":"index","follow":"follow","max-snippet":"max-snippet:-1","max-image-preview":"max-image-preview:large","max-video-preview":"max-video-preview:-1"},"canonical":"https:\/\/sportjournal.pictures\/press\/2025\/05\/27\/ultimo-desfile-de-liverpool\/","og_locale":"es_ES","og_type":"article","og_title":"\u00daltimo desfile de Liverpool - Sport Journal Pictures","og_description":"Got a Passion for Sport Action? Here You Are!","og_url":"https:\/\/sportjournal.pictures\/press\/2025\/05\/27\/ultimo-desfile-de-liverpool\/","og_site_name":"Sport Journal Pictures","article_published_time":"2025-05-27T10:57:46+00:00","article_modified_time":"2025-05-27T19:11:08+00:00","og_image":[{"width":450,"height":300,"url":"https:\/\/sportjournal.pictures\/press\/images\/2025\/05\/liverpool_20250527HH-1.png","type":"image\/png"}],"author":"Guzzo Photos &amp; Graphic Publications","twitter_card":"summary_large_image","twitter_misc":{"Escrito por":"Guzzo Photos &amp; Graphic Publications","Tiempo de lectura":"1 minuto"},"schema":{"@context":"https:\/\/schema.org","@graph":[{"@type":"Article","@id":"https:\/\/sportjournal.pictures\/press\/2025\/05\/27\/ultimo-desfile-de-liverpool\/#article","isPartOf":{"@id":"https:\/\/sportjournal.pictures\/press\/2025\/05\/27\/ultimo-desfile-de-liverpool\/"},"author":{"name":"Guzzo Photos &amp; Graphic Publications","@id":"https:\/\/sportjournal.pictures\/press\/#\/schema\/person\/6b16fad255b292d29fbe31473e57f534"},"headline":"\u00daltimo desfile de Liverpool","datePublished":"2025-05-27T10:57:46+00:00","dateModified":"2025-05-27T19:11:08+00:00","mainEntityOfPage":{"@id":"https:\/\/sportjournal.pictures\/press\/2025\/05\/27\/ultimo-desfile-de-liverpool\/"},"wordCount":158,"publisher":{"@id":"https:\/\/sportjournal.pictures\/press\/#organization"},"image":{"@id":"https:\/\/sportjournal.pictures\/press\/2025\/05\/27\/ultimo-desfile-de-liverpool\/#primaryimage"},"thumbnailUrl":"https:\/\/sportjournal.pictures\/press\/images\/2025\/05\/liverpool_20250527HH-1.png","keywords":["CASTELLANO"],"articleSection":[".","Futbol"],"inLanguage":"es"},{"@type":"WebPage","@id":"https:\/\/sportjournal.pictures\/press\/2025\/05\/27\/ultimo-desfile-de-liverpool\/","url":"https:\/\/sportjournal.pictures\/press\/2025\/05\/27\/ultimo-desfile-de-liverpool\/","name":"\u00daltimo desfile de Liverpool - Sport Journal Pictures","isPartOf":{"@id":"https:\/\/sportjournal.pictures\/press\/#website"},"primaryImageOfPage":{"@id":"https:\/\/sportjournal.pictures\/press\/2025\/05\/27\/ultimo-desfile-de-liverpool\/#primaryimage"},"image":{"@id":"https:\/\/sportjournal.pictures\/press\/2025\/05\/27\/ultimo-desfile-de-liverpool\/#primaryimage"},"thumbnailUrl":"https:\/\/sportjournal.pictures\/press\/images\/2025\/05\/liverpool_20250527HH-1.png","datePublished":"2025-05-27T10:57:46+00:00","dateModified":"2025-05-27T19:11:08+00:00","description":"Got a Passion for Sport Action? Here You Are!","breadcrumb":{"@id":"https:\/\/sportjournal.pictures\/press\/2025\/05\/27\/ultimo-desfile-de-liverpool\/#breadcrumb"},"inLanguage":"es","potentialAction":[{"@type":"ReadAction","target":["https:\/\/sportjournal.pictures\/press\/2025\/05\/27\/ultimo-desfile-de-liverpool\/"]}]},{"@type":"ImageObject","inLanguage":"es","@id":"https:\/\/sportjournal.pictures\/press\/2025\/05\/27\/ultimo-desfile-de-liverpool\/#primaryimage","url":"https:\/\/sportjournal.pictures\/press\/images\/2025\/05\/liverpool_20250527HH-1.png","contentUrl":"https:\/\/sportjournal.pictures\/press\/images\/2025\/05\/liverpool_20250527HH-1.png","width":450,"height":300},{"@type":"BreadcrumbList","@id":"https:\/\/sportjournal.pictures\/press\/2025\/05\/27\/ultimo-desfile-de-liverpool\/#breadcrumb","itemListElement":[{"@type":"ListItem","position":1,"name":"Home","item":"https:\/\/sportjournal.pictures\/press\/"},{"@type":"ListItem","position":2,"name":"\u00daltimo desfile de Liverpool"}]},{"@type":"WebSite","@id":"https:\/\/sportjournal.pictures\/press\/#website","url":"https:\/\/sportjournal.pictures\/press\/","name":"Sport Journal Pictures","description":"Got a Passion for Sport Action? Here You Are!","publisher":{"@id":"https:\/\/sportjournal.pictures\/press\/#organization"},"potentialAction":[{"@type":"SearchAction","target":{"@type":"EntryPoint","urlTemplate":"https:\/\/sportjournal.pictures\/press\/?s={search_term_string}"},"query-input":{"@type":"PropertyValueSpecification","valueRequired":true,"valueName":"search_term_string"}}],"inLanguage":"es"},{"@type":"Organization","@id":"https:\/\/sportjournal.pictures\/press\/#organization","name":"Guzzo Photos & Graphic Publications","url":"https:\/\/sportjournal.pictures\/press\/","logo":{"@type":"ImageObject","inLanguage":"es","@id":"https:\/\/sportjournal.pictures\/press\/#\/schema\/logo\/image\/","url":"https:\/\/sportjournal.pictures\/press\/images\/2020\/01\/cropped-sportjournalpictures.png","contentUrl":"https:\/\/sportjournal.pictures\/press\/images\/2020\/01\/cropped-sportjournalpictures.png","width":237,"height":113,"caption":"Guzzo Photos & Graphic Publications"},"image":{"@id":"https:\/\/sportjournal.pictures\/press\/#\/schema\/logo\/image\/"}},{"@type":"Person","@id":"https:\/\/sportjournal.pictures\/press\/#\/schema\/person\/6b16fad255b292d29fbe31473e57f534","name":"Guzzo Photos &amp; Graphic Publications"}]}},"views":289,"_links":{"self":[{"href":"https:\/\/sportjournal.pictures\/press\/wp-json\/wp\/v2\/posts\/980","targetHints":{"allow":["GET"]}}],"collection":[{"href":"https:\/\/sportjournal.pictures\/press\/wp-json\/wp\/v2\/posts"}],"about":[{"href":"https:\/\/sportjournal.pictures\/press\/wp-json\/wp\/v2\/types\/post"}],"author":[{"embeddable":true,"href":"https:\/\/sportjournal.pictures\/press\/wp-json\/wp\/v2\/users\/1"}],"replies":[{"embeddable":true,"href":"https:\/\/sportjournal.pictures\/press\/wp-json\/wp\/v2\/comments?post=980"}],"version-history":[{"count":0,"href":"https:\/\/sportjournal.pictures\/press\/wp-json\/wp\/v2\/posts\/980\/revisions"}],"wp:featuredmedia":[{"embeddable":true,"href":"https:\/\/sportjournal.pictures\/press\/wp-json\/wp\/v2\/media\/984"}],"wp:attachment":[{"href":"https:\/\/sportjournal.pictures\/press\/wp-json\/wp\/v2\/media?parent=980"}],"wp:term":[{"taxonomy":"category","embeddable":true,"href":"https:\/\/sportjournal.pictures\/press\/wp-json\/wp\/v2\/categories?post=980"},{"taxonomy":"post_tag","embeddable":true,"href":"https:\/\/sportjournal.pictures\/press\/wp-json\/wp\/v2\/tags?post=980"}],"curies":[{"name":"wp","href":"https:\/\/api.w.org\/{rel}","templated":true}]}}