{"id":454,"date":"2022-07-07T00:10:22","date_gmt":"2022-07-06T22:10:22","guid":{"rendered":"https:\/\/sportjournal.pictures\/press\/?p=454"},"modified":"2023-02-09T11:20:41","modified_gmt":"2023-02-09T10:20:41","slug":"rafael-nadal-se-recupera-de-su-lesion-y-vence-a-taylor-fritz-en-wimbledon","status":"publish","type":"post","link":"https:\/\/sportjournal.pictures\/press\/2022\/07\/07\/rafael-nadal-se-recupera-de-su-lesion-y-vence-a-taylor-fritz-en-wimbledon\/","title":{"rendered":"Rafael Nadal se recupera de su lesi\u00f3n y vence a Taylor Fritz en Wimbledon"},"content":{"rendered":"\n<p> <\/p>\n\n\n\n<figure class=\"wp-block-video\"><video controls src=\"http:\/\/sportjournal.pictures\/press\/images\/2022\/07\/Nadal20220706.mp4\"><\/video><\/figure>\n\n\n\n<p>Wimbledon, 6\/07\/2022 <\/p>\n\n\n\n<p>Un debilitado Rafael Nadal conjur\u00f3 una de sus m\u00e1s extraordinarias victorias en los Grand Slam al sobrevivir a una batalla de cinco sets con Taylor Fritz para alcanzar las semifinales de Wimbledon.<\/p>\n\n\n\n<p>Fue el estadounidense Fritz quien detuvo al ganador Nadal en la final de Indian Wells en marzo, cuando el espa\u00f1ol se vio afectado por una costilla fracturada, y parec\u00eda que la historia se repet\u00eda.<\/p>\n\n\n\n<p>Nadal estuvo a punto de retirarse en varios momentos despu\u00e9s de recibir tratamiento para un problema abdominal, pero en lugar de ello se aferr\u00f3 como s\u00f3lo \u00e9l puede hacerlo para asegurar una victoria por 3-6, 7-5, 3-6, 7-5, 7-6 (4) y mantener vivas sus esperanzas de convertirse en el primer hombre, desde Rod Laver en 1969, en ganar los cuatro t\u00edtulos de Grand Slam en la misma temporada.<br><br><small>Copyright \u00a9 2022 SportJournal.Pictures \/ PanPress.Eu \/ SalaStampa.Eu<\/small><\/p>\n","protected":false},"excerpt":{"rendered":"<p>Wimbledon, 6\/07\/2022 Un debilitado Rafael Nadal conjur\u00f3 una de sus m\u00e1s extraordinarias victorias en los Grand Slam al sobrevivir a una batalla de cinco sets&#8230;<\/p>\n","protected":false},"author":1,"featured_media":455,"comment_status":"closed","ping_status":"closed","sticky":false,"template":"","format":"standard","meta":{"footnotes":"","_links_to":"","_links_to_target":""},"categories":[22],"tags":[],"class_list":["post-454","post","type-post","status-publish","format-standard","has-post-thumbnail","hentry","category-tenis-es","entry","rows"],"yoast_head":"<!-- This site is optimized with the Yoast SEO plugin v27.8 - https:\/\/yoast.com\/product\/yoast-seo-wordpress\/ -->\n<title>Rafael Nadal se recupera de su lesi\u00f3n y vence a Taylor Fritz en Wimbledon - Sport Journal Pictures<\/title>\n<meta name=\"description\" content=\"Got a Passion for Sport Action? Here You Are!\" \/>\n<meta name=\"robots\" content=\"index, follow, max-snippet:-1, max-image-preview:large, max-video-preview:-1\" \/>\n<link rel=\"canonical\" href=\"https:\/\/sportjournal.pictures\/press\/2022\/07\/07\/rafael-nadal-se-recupera-de-su-lesion-y-vence-a-taylor-fritz-en-wimbledon\/\" \/>\n<meta property=\"og:locale\" content=\"es_ES\" \/>\n<meta property=\"og:type\" content=\"article\" \/>\n<meta property=\"og:title\" content=\"Rafael Nadal se recupera de su lesi\u00f3n y vence a Taylor Fritz en Wimbledon - Sport Journal Pictures\" \/>\n<meta property=\"og:description\" content=\"Got a Passion for Sport Action? Here You Are!\" \/>\n<meta property=\"og:url\" content=\"https:\/\/sportjournal.pictures\/press\/2022\/07\/07\/rafael-nadal-se-recupera-de-su-lesion-y-vence-a-taylor-fritz-en-wimbledon\/\" \/>\n<meta property=\"og:site_name\" content=\"Sport Journal Pictures\" \/>\n<meta property=\"article:published_time\" content=\"2022-07-06T22:10:22+00:00\" \/>\n<meta property=\"article:modified_time\" content=\"2023-02-09T10:20:41+00:00\" \/>\n<meta property=\"og:image\" content=\"https:\/\/sportjournal.pictures\/press\/images\/2022\/07\/wmbnd1_20220706.jpg\" \/>\n\t<meta property=\"og:image:width\" content=\"638\" \/>\n\t<meta property=\"og:image:height\" content=\"396\" \/>\n\t<meta property=\"og:image:type\" content=\"image\/jpeg\" \/>\n<meta name=\"author\" content=\"Guzzo Photos &amp; Graphic Publications\" \/>\n<meta name=\"twitter:card\" content=\"summary_large_image\" \/>\n<meta name=\"twitter:label1\" content=\"Escrito por\" \/>\n\t<meta name=\"twitter:data1\" content=\"Guzzo Photos &amp; Graphic Publications\" \/>\n\t<meta name=\"twitter:label2\" content=\"Tiempo de lectura\" \/>\n\t<meta name=\"twitter:data2\" content=\"1 minuto\" \/>\n<script type=\"application\/ld+json\" class=\"yoast-schema-graph\">{\"@context\":\"https:\\\/\\\/schema.org\",\"@graph\":[{\"@type\":\"Article\",\"@id\":\"https:\\\/\\\/sportjournal.pictures\\\/press\\\/2022\\\/07\\\/07\\\/rafael-nadal-se-recupera-de-su-lesion-y-vence-a-taylor-fritz-en-wimbledon\\\/#article\",\"isPartOf\":{\"@id\":\"https:\\\/\\\/sportjournal.pictures\\\/press\\\/2022\\\/07\\\/07\\\/rafael-nadal-se-recupera-de-su-lesion-y-vence-a-taylor-fritz-en-wimbledon\\\/\"},\"author\":{\"name\":\"Guzzo Photos &amp; Graphic Publications\",\"@id\":\"https:\\\/\\\/sportjournal.pictures\\\/press\\\/#\\\/schema\\\/person\\\/6b16fad255b292d29fbe31473e57f534\"},\"headline\":\"Rafael Nadal se recupera de su lesi\u00f3n y vence a Taylor Fritz en Wimbledon\",\"datePublished\":\"2022-07-06T22:10:22+00:00\",\"dateModified\":\"2023-02-09T10:20:41+00:00\",\"mainEntityOfPage\":{\"@id\":\"https:\\\/\\\/sportjournal.pictures\\\/press\\\/2022\\\/07\\\/07\\\/rafael-nadal-se-recupera-de-su-lesion-y-vence-a-taylor-fritz-en-wimbledon\\\/\"},\"wordCount\":162,\"publisher\":{\"@id\":\"https:\\\/\\\/sportjournal.pictures\\\/press\\\/#organization\"},\"image\":{\"@id\":\"https:\\\/\\\/sportjournal.pictures\\\/press\\\/2022\\\/07\\\/07\\\/rafael-nadal-se-recupera-de-su-lesion-y-vence-a-taylor-fritz-en-wimbledon\\\/#primaryimage\"},\"thumbnailUrl\":\"https:\\\/\\\/sportjournal.pictures\\\/press\\\/images\\\/2022\\\/07\\\/wmbnd1_20220706.jpg\",\"articleSection\":[\"Tenis\"],\"inLanguage\":\"es\"},{\"@type\":\"WebPage\",\"@id\":\"https:\\\/\\\/sportjournal.pictures\\\/press\\\/2022\\\/07\\\/07\\\/rafael-nadal-se-recupera-de-su-lesion-y-vence-a-taylor-fritz-en-wimbledon\\\/\",\"url\":\"https:\\\/\\\/sportjournal.pictures\\\/press\\\/2022\\\/07\\\/07\\\/rafael-nadal-se-recupera-de-su-lesion-y-vence-a-taylor-fritz-en-wimbledon\\\/\",\"name\":\"Rafael Nadal se recupera de su lesi\u00f3n y vence a Taylor Fritz en Wimbledon - Sport Journal Pictures\",\"isPartOf\":{\"@id\":\"https:\\\/\\\/sportjournal.pictures\\\/press\\\/#website\"},\"primaryImageOfPage\":{\"@id\":\"https:\\\/\\\/sportjournal.pictures\\\/press\\\/2022\\\/07\\\/07\\\/rafael-nadal-se-recupera-de-su-lesion-y-vence-a-taylor-fritz-en-wimbledon\\\/#primaryimage\"},\"image\":{\"@id\":\"https:\\\/\\\/sportjournal.pictures\\\/press\\\/2022\\\/07\\\/07\\\/rafael-nadal-se-recupera-de-su-lesion-y-vence-a-taylor-fritz-en-wimbledon\\\/#primaryimage\"},\"thumbnailUrl\":\"https:\\\/\\\/sportjournal.pictures\\\/press\\\/images\\\/2022\\\/07\\\/wmbnd1_20220706.jpg\",\"datePublished\":\"2022-07-06T22:10:22+00:00\",\"dateModified\":\"2023-02-09T10:20:41+00:00\",\"description\":\"Got a Passion for Sport Action? Here You Are!\",\"breadcrumb\":{\"@id\":\"https:\\\/\\\/sportjournal.pictures\\\/press\\\/2022\\\/07\\\/07\\\/rafael-nadal-se-recupera-de-su-lesion-y-vence-a-taylor-fritz-en-wimbledon\\\/#breadcrumb\"},\"inLanguage\":\"es\",\"potentialAction\":[{\"@type\":\"ReadAction\",\"target\":[\"https:\\\/\\\/sportjournal.pictures\\\/press\\\/2022\\\/07\\\/07\\\/rafael-nadal-se-recupera-de-su-lesion-y-vence-a-taylor-fritz-en-wimbledon\\\/\"]}]},{\"@type\":\"ImageObject\",\"inLanguage\":\"es\",\"@id\":\"https:\\\/\\\/sportjournal.pictures\\\/press\\\/2022\\\/07\\\/07\\\/rafael-nadal-se-recupera-de-su-lesion-y-vence-a-taylor-fritz-en-wimbledon\\\/#primaryimage\",\"url\":\"https:\\\/\\\/sportjournal.pictures\\\/press\\\/images\\\/2022\\\/07\\\/wmbnd1_20220706.jpg\",\"contentUrl\":\"https:\\\/\\\/sportjournal.pictures\\\/press\\\/images\\\/2022\\\/07\\\/wmbnd1_20220706.jpg\",\"width\":638,\"height\":396},{\"@type\":\"BreadcrumbList\",\"@id\":\"https:\\\/\\\/sportjournal.pictures\\\/press\\\/2022\\\/07\\\/07\\\/rafael-nadal-se-recupera-de-su-lesion-y-vence-a-taylor-fritz-en-wimbledon\\\/#breadcrumb\",\"itemListElement\":[{\"@type\":\"ListItem\",\"position\":1,\"name\":\"Home\",\"item\":\"https:\\\/\\\/sportjournal.pictures\\\/press\\\/\"},{\"@type\":\"ListItem\",\"position\":2,\"name\":\"Rafael Nadal se recupera de su lesi\u00f3n y vence a Taylor Fritz en Wimbledon\"}]},{\"@type\":\"WebSite\",\"@id\":\"https:\\\/\\\/sportjournal.pictures\\\/press\\\/#website\",\"url\":\"https:\\\/\\\/sportjournal.pictures\\\/press\\\/\",\"name\":\"Sport Journal Pictures\",\"description\":\"Got a Passion for Sport Action? Here You Are!\",\"publisher\":{\"@id\":\"https:\\\/\\\/sportjournal.pictures\\\/press\\\/#organization\"},\"potentialAction\":[{\"@type\":\"SearchAction\",\"target\":{\"@type\":\"EntryPoint\",\"urlTemplate\":\"https:\\\/\\\/sportjournal.pictures\\\/press\\\/?s={search_term_string}\"},\"query-input\":{\"@type\":\"PropertyValueSpecification\",\"valueRequired\":true,\"valueName\":\"search_term_string\"}}],\"inLanguage\":\"es\"},{\"@type\":\"Organization\",\"@id\":\"https:\\\/\\\/sportjournal.pictures\\\/press\\\/#organization\",\"name\":\"Guzzo Photos & Graphic Publications\",\"url\":\"https:\\\/\\\/sportjournal.pictures\\\/press\\\/\",\"logo\":{\"@type\":\"ImageObject\",\"inLanguage\":\"es\",\"@id\":\"https:\\\/\\\/sportjournal.pictures\\\/press\\\/#\\\/schema\\\/logo\\\/image\\\/\",\"url\":\"https:\\\/\\\/sportjournal.pictures\\\/press\\\/images\\\/2020\\\/01\\\/cropped-sportjournalpictures.png\",\"contentUrl\":\"https:\\\/\\\/sportjournal.pictures\\\/press\\\/images\\\/2020\\\/01\\\/cropped-sportjournalpictures.png\",\"width\":237,\"height\":113,\"caption\":\"Guzzo Photos & Graphic Publications\"},\"image\":{\"@id\":\"https:\\\/\\\/sportjournal.pictures\\\/press\\\/#\\\/schema\\\/logo\\\/image\\\/\"}},{\"@type\":\"Person\",\"@id\":\"https:\\\/\\\/sportjournal.pictures\\\/press\\\/#\\\/schema\\\/person\\\/6b16fad255b292d29fbe31473e57f534\",\"name\":\"Guzzo Photos &amp; Graphic Publications\"}]}<\/script>\n<!-- \/ Yoast SEO plugin. -->","yoast_head_json":{"title":"Rafael Nadal se recupera de su lesi\u00f3n y vence a Taylor Fritz en Wimbledon - Sport Journal Pictures","description":"Got a Passion for Sport Action? Here You Are!","robots":{"index":"index","follow":"follow","max-snippet":"max-snippet:-1","max-image-preview":"max-image-preview:large","max-video-preview":"max-video-preview:-1"},"canonical":"https:\/\/sportjournal.pictures\/press\/2022\/07\/07\/rafael-nadal-se-recupera-de-su-lesion-y-vence-a-taylor-fritz-en-wimbledon\/","og_locale":"es_ES","og_type":"article","og_title":"Rafael Nadal se recupera de su lesi\u00f3n y vence a Taylor Fritz en Wimbledon - Sport Journal Pictures","og_description":"Got a Passion for Sport Action? Here You Are!","og_url":"https:\/\/sportjournal.pictures\/press\/2022\/07\/07\/rafael-nadal-se-recupera-de-su-lesion-y-vence-a-taylor-fritz-en-wimbledon\/","og_site_name":"Sport Journal Pictures","article_published_time":"2022-07-06T22:10:22+00:00","article_modified_time":"2023-02-09T10:20:41+00:00","og_image":[{"width":638,"height":396,"url":"https:\/\/sportjournal.pictures\/press\/images\/2022\/07\/wmbnd1_20220706.jpg","type":"image\/jpeg"}],"author":"Guzzo Photos &amp; Graphic Publications","twitter_card":"summary_large_image","twitter_misc":{"Escrito por":"Guzzo Photos &amp; Graphic Publications","Tiempo de lectura":"1 minuto"},"schema":{"@context":"https:\/\/schema.org","@graph":[{"@type":"Article","@id":"https:\/\/sportjournal.pictures\/press\/2022\/07\/07\/rafael-nadal-se-recupera-de-su-lesion-y-vence-a-taylor-fritz-en-wimbledon\/#article","isPartOf":{"@id":"https:\/\/sportjournal.pictures\/press\/2022\/07\/07\/rafael-nadal-se-recupera-de-su-lesion-y-vence-a-taylor-fritz-en-wimbledon\/"},"author":{"name":"Guzzo Photos &amp; Graphic Publications","@id":"https:\/\/sportjournal.pictures\/press\/#\/schema\/person\/6b16fad255b292d29fbe31473e57f534"},"headline":"Rafael Nadal se recupera de su lesi\u00f3n y vence a Taylor Fritz en Wimbledon","datePublished":"2022-07-06T22:10:22+00:00","dateModified":"2023-02-09T10:20:41+00:00","mainEntityOfPage":{"@id":"https:\/\/sportjournal.pictures\/press\/2022\/07\/07\/rafael-nadal-se-recupera-de-su-lesion-y-vence-a-taylor-fritz-en-wimbledon\/"},"wordCount":162,"publisher":{"@id":"https:\/\/sportjournal.pictures\/press\/#organization"},"image":{"@id":"https:\/\/sportjournal.pictures\/press\/2022\/07\/07\/rafael-nadal-se-recupera-de-su-lesion-y-vence-a-taylor-fritz-en-wimbledon\/#primaryimage"},"thumbnailUrl":"https:\/\/sportjournal.pictures\/press\/images\/2022\/07\/wmbnd1_20220706.jpg","articleSection":["Tenis"],"inLanguage":"es"},{"@type":"WebPage","@id":"https:\/\/sportjournal.pictures\/press\/2022\/07\/07\/rafael-nadal-se-recupera-de-su-lesion-y-vence-a-taylor-fritz-en-wimbledon\/","url":"https:\/\/sportjournal.pictures\/press\/2022\/07\/07\/rafael-nadal-se-recupera-de-su-lesion-y-vence-a-taylor-fritz-en-wimbledon\/","name":"Rafael Nadal se recupera de su lesi\u00f3n y vence a Taylor Fritz en Wimbledon - Sport Journal Pictures","isPartOf":{"@id":"https:\/\/sportjournal.pictures\/press\/#website"},"primaryImageOfPage":{"@id":"https:\/\/sportjournal.pictures\/press\/2022\/07\/07\/rafael-nadal-se-recupera-de-su-lesion-y-vence-a-taylor-fritz-en-wimbledon\/#primaryimage"},"image":{"@id":"https:\/\/sportjournal.pictures\/press\/2022\/07\/07\/rafael-nadal-se-recupera-de-su-lesion-y-vence-a-taylor-fritz-en-wimbledon\/#primaryimage"},"thumbnailUrl":"https:\/\/sportjournal.pictures\/press\/images\/2022\/07\/wmbnd1_20220706.jpg","datePublished":"2022-07-06T22:10:22+00:00","dateModified":"2023-02-09T10:20:41+00:00","description":"Got a Passion for Sport Action? Here You Are!","breadcrumb":{"@id":"https:\/\/sportjournal.pictures\/press\/2022\/07\/07\/rafael-nadal-se-recupera-de-su-lesion-y-vence-a-taylor-fritz-en-wimbledon\/#breadcrumb"},"inLanguage":"es","potentialAction":[{"@type":"ReadAction","target":["https:\/\/sportjournal.pictures\/press\/2022\/07\/07\/rafael-nadal-se-recupera-de-su-lesion-y-vence-a-taylor-fritz-en-wimbledon\/"]}]},{"@type":"ImageObject","inLanguage":"es","@id":"https:\/\/sportjournal.pictures\/press\/2022\/07\/07\/rafael-nadal-se-recupera-de-su-lesion-y-vence-a-taylor-fritz-en-wimbledon\/#primaryimage","url":"https:\/\/sportjournal.pictures\/press\/images\/2022\/07\/wmbnd1_20220706.jpg","contentUrl":"https:\/\/sportjournal.pictures\/press\/images\/2022\/07\/wmbnd1_20220706.jpg","width":638,"height":396},{"@type":"BreadcrumbList","@id":"https:\/\/sportjournal.pictures\/press\/2022\/07\/07\/rafael-nadal-se-recupera-de-su-lesion-y-vence-a-taylor-fritz-en-wimbledon\/#breadcrumb","itemListElement":[{"@type":"ListItem","position":1,"name":"Home","item":"https:\/\/sportjournal.pictures\/press\/"},{"@type":"ListItem","position":2,"name":"Rafael Nadal se recupera de su lesi\u00f3n y vence a Taylor Fritz en Wimbledon"}]},{"@type":"WebSite","@id":"https:\/\/sportjournal.pictures\/press\/#website","url":"https:\/\/sportjournal.pictures\/press\/","name":"Sport Journal Pictures","description":"Got a Passion for Sport Action? Here You Are!","publisher":{"@id":"https:\/\/sportjournal.pictures\/press\/#organization"},"potentialAction":[{"@type":"SearchAction","target":{"@type":"EntryPoint","urlTemplate":"https:\/\/sportjournal.pictures\/press\/?s={search_term_string}"},"query-input":{"@type":"PropertyValueSpecification","valueRequired":true,"valueName":"search_term_string"}}],"inLanguage":"es"},{"@type":"Organization","@id":"https:\/\/sportjournal.pictures\/press\/#organization","name":"Guzzo Photos & Graphic Publications","url":"https:\/\/sportjournal.pictures\/press\/","logo":{"@type":"ImageObject","inLanguage":"es","@id":"https:\/\/sportjournal.pictures\/press\/#\/schema\/logo\/image\/","url":"https:\/\/sportjournal.pictures\/press\/images\/2020\/01\/cropped-sportjournalpictures.png","contentUrl":"https:\/\/sportjournal.pictures\/press\/images\/2020\/01\/cropped-sportjournalpictures.png","width":237,"height":113,"caption":"Guzzo Photos & Graphic Publications"},"image":{"@id":"https:\/\/sportjournal.pictures\/press\/#\/schema\/logo\/image\/"}},{"@type":"Person","@id":"https:\/\/sportjournal.pictures\/press\/#\/schema\/person\/6b16fad255b292d29fbe31473e57f534","name":"Guzzo Photos &amp; Graphic Publications"}]}},"views":591,"_links":{"self":[{"href":"https:\/\/sportjournal.pictures\/press\/wp-json\/wp\/v2\/posts\/454","targetHints":{"allow":["GET"]}}],"collection":[{"href":"https:\/\/sportjournal.pictures\/press\/wp-json\/wp\/v2\/posts"}],"about":[{"href":"https:\/\/sportjournal.pictures\/press\/wp-json\/wp\/v2\/types\/post"}],"author":[{"embeddable":true,"href":"https:\/\/sportjournal.pictures\/press\/wp-json\/wp\/v2\/users\/1"}],"replies":[{"embeddable":true,"href":"https:\/\/sportjournal.pictures\/press\/wp-json\/wp\/v2\/comments?post=454"}],"version-history":[{"count":0,"href":"https:\/\/sportjournal.pictures\/press\/wp-json\/wp\/v2\/posts\/454\/revisions"}],"wp:featuredmedia":[{"embeddable":true,"href":"https:\/\/sportjournal.pictures\/press\/wp-json\/wp\/v2\/media\/455"}],"wp:attachment":[{"href":"https:\/\/sportjournal.pictures\/press\/wp-json\/wp\/v2\/media?parent=454"}],"wp:term":[{"taxonomy":"category","embeddable":true,"href":"https:\/\/sportjournal.pictures\/press\/wp-json\/wp\/v2\/categories?post=454"},{"taxonomy":"post_tag","embeddable":true,"href":"https:\/\/sportjournal.pictures\/press\/wp-json\/wp\/v2\/tags?post=454"}],"curies":[{"name":"wp","href":"https:\/\/api.w.org\/{rel}","templated":true}]}}