{"id":1488,"date":"2026-01-20T13:23:38","date_gmt":"2026-01-20T12:23:38","guid":{"rendered":"https:\/\/sportjournal.pictures\/press\/?p=1488"},"modified":"2026-01-20T13:23:38","modified_gmt":"2026-01-20T12:23:38","slug":"var-juventus","status":"publish","type":"post","link":"https:\/\/sportjournal.pictures\/press\/2026\/01\/20\/var-juventus\/","title":{"rendered":"Il VAR ha dato ragione a Ronaldo"},"content":{"rendered":"\n<figure class=\"wp-block-image size-large\"><img loading=\"lazy\" decoding=\"async\" width=\"800\" height=\"534\" src=\"https:\/\/sportjournal.pictures\/press\/images\/2026\/01\/img_1502.jpg\" alt=\"\" class=\"wp-image-1487\" srcset=\"https:\/\/sportjournal.pictures\/press\/images\/2026\/01\/img_1502.jpg 800w, https:\/\/sportjournal.pictures\/press\/images\/2026\/01\/img_1502-300x200.jpg 300w, https:\/\/sportjournal.pictures\/press\/images\/2026\/01\/img_1502-768x513.jpg 768w\" sizes=\"auto, (max-width: 800px) 100vw, 800px\" \/><\/figure>\n\n\n\n<p class=\"p1\">La scena \u00e8 nota: la Juventus protesta, gesticola, parla di contesto, di pandemia, di sacrifici collettivi. L\u2019arbitro ascolta, il VAR controlla\u2026 e il verdetto \u00e8 sempre lo stesso. Cristiano Ronaldo aveva ragione. Di nuovo. L\u2019epica del club si \u00e8 scontrata con qualcosa di meno romantico ma molto pi\u00f9 efficace: il diritto del lavoro.<\/p>\n\n\n\n<p class=\"p1\">Il 19 gennaio 2026 il Tribunale del Lavoro di Torino ha confermato ci\u00f2 che era gi\u00e0 scritto dal 2024. La Juventus deve pagare, e ha pagato, 9,8 milioni di euro al calciatore portoghese per stipendi non corrisposti durante la pandemia. Nessuna rimonta giudiziaria, nessuno sconto per maglia pesante o per il passato glorioso. Il risultato \u00e8 rimasto inchiodato.<\/p>\n\n\n\n<p class=\"p1\">Durante il COVID tutti \u201crinunciarono\u201d, tutti \u201caiutarono\u201d, tutti \u201cfecero squadra\u201d. Almeno nei comunicati. Nei contratti, per\u00f2, la storia era diversa. L\u2019accordo salariale pandemico si \u00e8 rivelato un castello di carte legale, sorretto pi\u00f9 dalla fede che da firme chiare.<\/p>\n\n\n\n<p class=\"p1\">Ronaldo, con il suo stipendio siderale di 31 milioni netti annui, non chiedeva elemosina. Chiedeva il suo. Mesi non pagati che, nella sua scala salariale, equivalgono a ci\u00f2 che altri club non vedono in dieci anni. Il problema non era l\u2019importo: era credere che il silenzio successivo equivalesse a un perdono eterno.<\/p>\n\n\n\n<p class=\"p1\">La Juventus ha scommesso sul tempo, sull\u2019uscita del giocatore e sulla narrativa del \u201cabbiamo perso tutti\u201d. Ha perso la scommessa. I giudici sono stati chiari: l\u2019accordo non annullava i diritti e il ritardo nel reclamare non cancella un debito. Fine della discussione.<\/p>\n\n\n\n<p class=\"p1\">L\u2019ironia \u00e8 che il tribunale era gi\u00e0 stato generoso. Ha riconosciuto solo la met\u00e0 di quanto originariamente dovuto. Non \u00e8 stata nemmeno una vittoria totale per Ronaldo, ma s\u00ec una sconfitta simbolica per un club abituato a piegare le regole come difensori fuori posizione.<\/p>\n\n\n\n<p class=\"p1\">Questo caso non parla di simpatie n\u00e9 di ego, anche se abbondano. Parla di un\u2019istituzione che ha confuso il potere con l\u2019impunit\u00e0 e di un giocatore che, lontano dalla narrazione del mercenario milionario, ha deciso di andare fino in fondo. Non per orgoglio, ma per principio. E per contratto.<\/p>\n\n\n\n<p class=\"p1\">La Juventus esce ancora una volta dal campo a testa bassa, aggiungendo un capitolo a un decennio in cui i problemi non nascono pi\u00f9 sul campo, ma negli uffici. Il VAR giudiziario non conosce la storia, solo i fatti. E questa azione era chiara fin dall\u2019inizio.<\/p>\n\n\n\n<p><\/p>\n\n\n\n<p>\u270d\ufe0f \u00a92026&nbsp; Beppe Fuorigioco &#8211; All Rights Reserved<\/p>\n\n\n\n<p><\/p>\n\n\n<hr style=\"\n    border: none;\n    height: 1px;\n    background: linear-gradient(to right, transparent, #ccc, transparent);\n    margin: 0;\n\" \/>\n<\/p>\n<p><small>\u00a9\ufe0f2026  Guzzo Photos  &#038; Graphic Publications \u2013 All Rights Reserved \u2013 Copyright \u00a9\ufe0f 2026 SalaStampa.eu, world press service \u2013 Guzzo Photos &#038; Graphic Publications \u2013 Registro Editori e Stampatori n. 1441 Turin, Italy<\/small><\/p>\n\n\n<p><\/p>\n","protected":false},"excerpt":{"rendered":"<p>La giustizia ha fischiato la fine, ha rivisto l\u2019azione e ha lasciato la Juventus a protestare da sola a centrocampo.<\/p>\n","protected":false},"author":1,"featured_media":1487,"comment_status":"closed","ping_status":"closed","sticky":false,"template":"","format":"standard","meta":{"footnotes":"","_links_to":"","_links_to_target":""},"categories":[28,40,32,6],"tags":[36],"class_list":["post-1488","post","type-post","status-publish","format-standard","has-post-thumbnail","hentry","category-caninfo","category-calcio","category-cronaca-it","category-notizie","tag-italiano","entry","rows"],"yoast_head":"<!-- This site is optimized with the Yoast SEO plugin v26.9 - https:\/\/yoast.com\/product\/yoast-seo-wordpress\/ -->\n<title>Il VAR ha dato ragione a Ronaldo - Sport Journal Pictures<\/title>\n<meta name=\"description\" content=\"Got a Passion for Sport Action? Here You Are!\" \/>\n<meta name=\"robots\" content=\"index, follow, max-snippet:-1, max-image-preview:large, max-video-preview:-1\" \/>\n<link rel=\"canonical\" href=\"https:\/\/sportjournal.pictures\/press\/2026\/01\/20\/var-juventus\/\" \/>\n<meta property=\"og:locale\" content=\"es_ES\" \/>\n<meta property=\"og:type\" content=\"article\" \/>\n<meta property=\"og:title\" content=\"Il VAR ha dato ragione a Ronaldo - Sport Journal Pictures\" \/>\n<meta property=\"og:description\" content=\"Got a Passion for Sport Action? Here You Are!\" \/>\n<meta property=\"og:url\" content=\"https:\/\/sportjournal.pictures\/press\/2026\/01\/20\/var-juventus\/\" \/>\n<meta property=\"og:site_name\" content=\"Sport Journal Pictures\" \/>\n<meta property=\"article:published_time\" content=\"2026-01-20T12:23:38+00:00\" \/>\n<meta property=\"og:image\" content=\"https:\/\/sportjournal.pictures\/press\/images\/2026\/01\/img_1502.jpg\" \/>\n\t<meta property=\"og:image:width\" content=\"800\" \/>\n\t<meta property=\"og:image:height\" content=\"534\" \/>\n\t<meta property=\"og:image:type\" content=\"image\/jpeg\" \/>\n<meta name=\"author\" content=\"Guzzo Photos &amp; Graphic Publications\" \/>\n<meta name=\"twitter:card\" content=\"summary_large_image\" \/>\n<meta name=\"twitter:label1\" content=\"Escrito por\" \/>\n\t<meta name=\"twitter:data1\" content=\"Guzzo Photos &amp; Graphic Publications\" \/>\n\t<meta name=\"twitter:label2\" content=\"Tiempo de lectura\" \/>\n\t<meta name=\"twitter:data2\" content=\"2 minutos\" \/>\n<script type=\"application\/ld+json\" class=\"yoast-schema-graph\">{\"@context\":\"https:\/\/schema.org\",\"@graph\":[{\"@type\":\"Article\",\"@id\":\"https:\/\/sportjournal.pictures\/press\/2026\/01\/20\/var-juventus\/#article\",\"isPartOf\":{\"@id\":\"https:\/\/sportjournal.pictures\/press\/2026\/01\/20\/var-juventus\/\"},\"author\":{\"name\":\"Guzzo Photos &amp; Graphic Publications\",\"@id\":\"https:\/\/sportjournal.pictures\/press\/#\/schema\/person\/6b16fad255b292d29fbe31473e57f534\"},\"headline\":\"Il VAR ha dato ragione a Ronaldo\",\"datePublished\":\"2026-01-20T12:23:38+00:00\",\"mainEntityOfPage\":{\"@id\":\"https:\/\/sportjournal.pictures\/press\/2026\/01\/20\/var-juventus\/\"},\"wordCount\":419,\"publisher\":{\"@id\":\"https:\/\/sportjournal.pictures\/press\/#organization\"},\"image\":{\"@id\":\"https:\/\/sportjournal.pictures\/press\/2026\/01\/20\/var-juventus\/#primaryimage\"},\"thumbnailUrl\":\"https:\/\/sportjournal.pictures\/press\/images\/2026\/01\/img_1502.jpg\",\"keywords\":[\"ITALIANO\"],\"articleSection\":[\".\",\"Calcio\",\"Cronaca\",\"NOTIZIE\"],\"inLanguage\":\"es\"},{\"@type\":\"WebPage\",\"@id\":\"https:\/\/sportjournal.pictures\/press\/2026\/01\/20\/var-juventus\/\",\"url\":\"https:\/\/sportjournal.pictures\/press\/2026\/01\/20\/var-juventus\/\",\"name\":\"Il VAR ha dato ragione a Ronaldo - Sport Journal Pictures\",\"isPartOf\":{\"@id\":\"https:\/\/sportjournal.pictures\/press\/#website\"},\"primaryImageOfPage\":{\"@id\":\"https:\/\/sportjournal.pictures\/press\/2026\/01\/20\/var-juventus\/#primaryimage\"},\"image\":{\"@id\":\"https:\/\/sportjournal.pictures\/press\/2026\/01\/20\/var-juventus\/#primaryimage\"},\"thumbnailUrl\":\"https:\/\/sportjournal.pictures\/press\/images\/2026\/01\/img_1502.jpg\",\"datePublished\":\"2026-01-20T12:23:38+00:00\",\"description\":\"Got a Passion for Sport Action? Here You Are!\",\"breadcrumb\":{\"@id\":\"https:\/\/sportjournal.pictures\/press\/2026\/01\/20\/var-juventus\/#breadcrumb\"},\"inLanguage\":\"es\",\"potentialAction\":[{\"@type\":\"ReadAction\",\"target\":[\"https:\/\/sportjournal.pictures\/press\/2026\/01\/20\/var-juventus\/\"]}]},{\"@type\":\"ImageObject\",\"inLanguage\":\"es\",\"@id\":\"https:\/\/sportjournal.pictures\/press\/2026\/01\/20\/var-juventus\/#primaryimage\",\"url\":\"https:\/\/sportjournal.pictures\/press\/images\/2026\/01\/img_1502.jpg\",\"contentUrl\":\"https:\/\/sportjournal.pictures\/press\/images\/2026\/01\/img_1502.jpg\",\"width\":800,\"height\":534},{\"@type\":\"BreadcrumbList\",\"@id\":\"https:\/\/sportjournal.pictures\/press\/2026\/01\/20\/var-juventus\/#breadcrumb\",\"itemListElement\":[{\"@type\":\"ListItem\",\"position\":1,\"name\":\"Home\",\"item\":\"https:\/\/sportjournal.pictures\/press\/\"},{\"@type\":\"ListItem\",\"position\":2,\"name\":\"Il VAR ha dato ragione a Ronaldo\"}]},{\"@type\":\"WebSite\",\"@id\":\"https:\/\/sportjournal.pictures\/press\/#website\",\"url\":\"https:\/\/sportjournal.pictures\/press\/\",\"name\":\"Sport Journal Pictures\",\"description\":\"Got a Passion for Sport Action? Here You Are!\",\"publisher\":{\"@id\":\"https:\/\/sportjournal.pictures\/press\/#organization\"},\"potentialAction\":[{\"@type\":\"SearchAction\",\"target\":{\"@type\":\"EntryPoint\",\"urlTemplate\":\"https:\/\/sportjournal.pictures\/press\/?s={search_term_string}\"},\"query-input\":{\"@type\":\"PropertyValueSpecification\",\"valueRequired\":true,\"valueName\":\"search_term_string\"}}],\"inLanguage\":\"es\"},{\"@type\":\"Organization\",\"@id\":\"https:\/\/sportjournal.pictures\/press\/#organization\",\"name\":\"Guzzo Photos & Graphic Publications\",\"url\":\"https:\/\/sportjournal.pictures\/press\/\",\"logo\":{\"@type\":\"ImageObject\",\"inLanguage\":\"es\",\"@id\":\"https:\/\/sportjournal.pictures\/press\/#\/schema\/logo\/image\/\",\"url\":\"https:\/\/sportjournal.pictures\/press\/images\/2020\/01\/cropped-sportjournalpictures.png\",\"contentUrl\":\"https:\/\/sportjournal.pictures\/press\/images\/2020\/01\/cropped-sportjournalpictures.png\",\"width\":237,\"height\":113,\"caption\":\"Guzzo Photos & Graphic Publications\"},\"image\":{\"@id\":\"https:\/\/sportjournal.pictures\/press\/#\/schema\/logo\/image\/\"}},{\"@type\":\"Person\",\"@id\":\"https:\/\/sportjournal.pictures\/press\/#\/schema\/person\/6b16fad255b292d29fbe31473e57f534\",\"name\":\"Guzzo Photos &amp; Graphic Publications\"}]}<\/script>\n<!-- \/ Yoast SEO plugin. -->","yoast_head_json":{"title":"Il VAR ha dato ragione a Ronaldo - Sport Journal Pictures","description":"Got a Passion for Sport Action? Here You Are!","robots":{"index":"index","follow":"follow","max-snippet":"max-snippet:-1","max-image-preview":"max-image-preview:large","max-video-preview":"max-video-preview:-1"},"canonical":"https:\/\/sportjournal.pictures\/press\/2026\/01\/20\/var-juventus\/","og_locale":"es_ES","og_type":"article","og_title":"Il VAR ha dato ragione a Ronaldo - Sport Journal Pictures","og_description":"Got a Passion for Sport Action? Here You Are!","og_url":"https:\/\/sportjournal.pictures\/press\/2026\/01\/20\/var-juventus\/","og_site_name":"Sport Journal Pictures","article_published_time":"2026-01-20T12:23:38+00:00","og_image":[{"width":800,"height":534,"url":"https:\/\/sportjournal.pictures\/press\/images\/2026\/01\/img_1502.jpg","type":"image\/jpeg"}],"author":"Guzzo Photos &amp; Graphic Publications","twitter_card":"summary_large_image","twitter_misc":{"Escrito por":"Guzzo Photos &amp; Graphic Publications","Tiempo de lectura":"2 minutos"},"schema":{"@context":"https:\/\/schema.org","@graph":[{"@type":"Article","@id":"https:\/\/sportjournal.pictures\/press\/2026\/01\/20\/var-juventus\/#article","isPartOf":{"@id":"https:\/\/sportjournal.pictures\/press\/2026\/01\/20\/var-juventus\/"},"author":{"name":"Guzzo Photos &amp; Graphic Publications","@id":"https:\/\/sportjournal.pictures\/press\/#\/schema\/person\/6b16fad255b292d29fbe31473e57f534"},"headline":"Il VAR ha dato ragione a Ronaldo","datePublished":"2026-01-20T12:23:38+00:00","mainEntityOfPage":{"@id":"https:\/\/sportjournal.pictures\/press\/2026\/01\/20\/var-juventus\/"},"wordCount":419,"publisher":{"@id":"https:\/\/sportjournal.pictures\/press\/#organization"},"image":{"@id":"https:\/\/sportjournal.pictures\/press\/2026\/01\/20\/var-juventus\/#primaryimage"},"thumbnailUrl":"https:\/\/sportjournal.pictures\/press\/images\/2026\/01\/img_1502.jpg","keywords":["ITALIANO"],"articleSection":[".","Calcio","Cronaca","NOTIZIE"],"inLanguage":"es"},{"@type":"WebPage","@id":"https:\/\/sportjournal.pictures\/press\/2026\/01\/20\/var-juventus\/","url":"https:\/\/sportjournal.pictures\/press\/2026\/01\/20\/var-juventus\/","name":"Il VAR ha dato ragione a Ronaldo - Sport Journal Pictures","isPartOf":{"@id":"https:\/\/sportjournal.pictures\/press\/#website"},"primaryImageOfPage":{"@id":"https:\/\/sportjournal.pictures\/press\/2026\/01\/20\/var-juventus\/#primaryimage"},"image":{"@id":"https:\/\/sportjournal.pictures\/press\/2026\/01\/20\/var-juventus\/#primaryimage"},"thumbnailUrl":"https:\/\/sportjournal.pictures\/press\/images\/2026\/01\/img_1502.jpg","datePublished":"2026-01-20T12:23:38+00:00","description":"Got a Passion for Sport Action? Here You Are!","breadcrumb":{"@id":"https:\/\/sportjournal.pictures\/press\/2026\/01\/20\/var-juventus\/#breadcrumb"},"inLanguage":"es","potentialAction":[{"@type":"ReadAction","target":["https:\/\/sportjournal.pictures\/press\/2026\/01\/20\/var-juventus\/"]}]},{"@type":"ImageObject","inLanguage":"es","@id":"https:\/\/sportjournal.pictures\/press\/2026\/01\/20\/var-juventus\/#primaryimage","url":"https:\/\/sportjournal.pictures\/press\/images\/2026\/01\/img_1502.jpg","contentUrl":"https:\/\/sportjournal.pictures\/press\/images\/2026\/01\/img_1502.jpg","width":800,"height":534},{"@type":"BreadcrumbList","@id":"https:\/\/sportjournal.pictures\/press\/2026\/01\/20\/var-juventus\/#breadcrumb","itemListElement":[{"@type":"ListItem","position":1,"name":"Home","item":"https:\/\/sportjournal.pictures\/press\/"},{"@type":"ListItem","position":2,"name":"Il VAR ha dato ragione a Ronaldo"}]},{"@type":"WebSite","@id":"https:\/\/sportjournal.pictures\/press\/#website","url":"https:\/\/sportjournal.pictures\/press\/","name":"Sport Journal Pictures","description":"Got a Passion for Sport Action? Here You Are!","publisher":{"@id":"https:\/\/sportjournal.pictures\/press\/#organization"},"potentialAction":[{"@type":"SearchAction","target":{"@type":"EntryPoint","urlTemplate":"https:\/\/sportjournal.pictures\/press\/?s={search_term_string}"},"query-input":{"@type":"PropertyValueSpecification","valueRequired":true,"valueName":"search_term_string"}}],"inLanguage":"es"},{"@type":"Organization","@id":"https:\/\/sportjournal.pictures\/press\/#organization","name":"Guzzo Photos & Graphic Publications","url":"https:\/\/sportjournal.pictures\/press\/","logo":{"@type":"ImageObject","inLanguage":"es","@id":"https:\/\/sportjournal.pictures\/press\/#\/schema\/logo\/image\/","url":"https:\/\/sportjournal.pictures\/press\/images\/2020\/01\/cropped-sportjournalpictures.png","contentUrl":"https:\/\/sportjournal.pictures\/press\/images\/2020\/01\/cropped-sportjournalpictures.png","width":237,"height":113,"caption":"Guzzo Photos & Graphic Publications"},"image":{"@id":"https:\/\/sportjournal.pictures\/press\/#\/schema\/logo\/image\/"}},{"@type":"Person","@id":"https:\/\/sportjournal.pictures\/press\/#\/schema\/person\/6b16fad255b292d29fbe31473e57f534","name":"Guzzo Photos &amp; Graphic Publications"}]}},"views":203,"_links":{"self":[{"href":"https:\/\/sportjournal.pictures\/press\/wp-json\/wp\/v2\/posts\/1488","targetHints":{"allow":["GET"]}}],"collection":[{"href":"https:\/\/sportjournal.pictures\/press\/wp-json\/wp\/v2\/posts"}],"about":[{"href":"https:\/\/sportjournal.pictures\/press\/wp-json\/wp\/v2\/types\/post"}],"author":[{"embeddable":true,"href":"https:\/\/sportjournal.pictures\/press\/wp-json\/wp\/v2\/users\/1"}],"replies":[{"embeddable":true,"href":"https:\/\/sportjournal.pictures\/press\/wp-json\/wp\/v2\/comments?post=1488"}],"version-history":[{"count":0,"href":"https:\/\/sportjournal.pictures\/press\/wp-json\/wp\/v2\/posts\/1488\/revisions"}],"wp:featuredmedia":[{"embeddable":true,"href":"https:\/\/sportjournal.pictures\/press\/wp-json\/wp\/v2\/media\/1487"}],"wp:attachment":[{"href":"https:\/\/sportjournal.pictures\/press\/wp-json\/wp\/v2\/media?parent=1488"}],"wp:term":[{"taxonomy":"category","embeddable":true,"href":"https:\/\/sportjournal.pictures\/press\/wp-json\/wp\/v2\/categories?post=1488"},{"taxonomy":"post_tag","embeddable":true,"href":"https:\/\/sportjournal.pictures\/press\/wp-json\/wp\/v2\/tags?post=1488"}],"curies":[{"name":"wp","href":"https:\/\/api.w.org\/{rel}","templated":true}]}}