{"id":1486,"date":"2026-01-20T13:01:44","date_gmt":"2026-01-20T12:01:44","guid":{"rendered":"https:\/\/sportjournal.pictures\/press\/?p=1486"},"modified":"2026-01-20T13:01:44","modified_gmt":"2026-01-20T12:01:44","slug":"var-torino","status":"publish","type":"post","link":"https:\/\/sportjournal.pictures\/press\/2026\/01\/20\/var-torino\/","title":{"rendered":"El VAR dio raz\u00f3n a Ronaldo"},"content":{"rendered":"\n<figure class=\"wp-block-image size-large\"><img loading=\"lazy\" decoding=\"async\" width=\"800\" height=\"534\" src=\"https:\/\/sportjournal.pictures\/press\/images\/2026\/01\/img_1502.jpg\" alt=\"\" class=\"wp-image-1487\" srcset=\"https:\/\/sportjournal.pictures\/press\/images\/2026\/01\/img_1502.jpg 800w, https:\/\/sportjournal.pictures\/press\/images\/2026\/01\/img_1502-300x200.jpg 300w, https:\/\/sportjournal.pictures\/press\/images\/2026\/01\/img_1502-768x513.jpg 768w\" sizes=\"auto, (max-width: 800px) 100vw, 800px\" \/><\/figure>\n\n\n\n<p class=\"p1\">La escena es conocida: la Juventus reclama, gesticula, habla de contexto, de pandemia, de sacrificios colectivos. El \u00e1rbitro escucha, el VAR revisa\u2026 y el fallo vuelve a ser el mismo. Cristiano Ronaldo ten\u00eda raz\u00f3n. Otra vez. La \u00e9pica del club choc\u00f3 contra algo menos rom\u00e1ntico pero m\u00e1s efectivo: el derecho laboral.<\/p>\n\n\n\n<p class=\"p1\">Este 19 de enero de 2026, el Tribunal Laboral de Tur\u00edn confirm\u00f3 lo que ya estaba escrito desde 2024. La Juventus debe pagar, y pag\u00f3, 9,8 millones de euros al futbolista portugu\u00e9s por salarios no abonados durante la pandemia. Sin remontada judicial, sin descuento por camiseta pesada ni por pasado glorioso. El marcador qued\u00f3 congelado.<\/p>\n\n\n\n<p class=\"p1\">Durante el COVID todos \u201crenunciaron\u201d, todos \u201cayudaron\u201d, todos \u201chicieron equipo\u201d. Al menos en los comunicados. En los contratos, sin embargo, la historia fue otra. El acuerdo salarial pand\u00e9mico termin\u00f3 siendo un castillo de naipes legales, sostenido m\u00e1s por la fe que por las firmas claras.<\/p>\n\n\n\n<p class=\"p1\">Ronaldo, con su salario sideral de 31 millones netos anuales, no reclamaba limosnas. Reclamaba lo suyo. Meses impagos que, en su escala salarial, equival\u00edan a lo que otros clubes no ven en una d\u00e9cada. El problema no fue el monto: fue creer que el silencio posterior equival\u00eda a perd\u00f3n eterno.<\/p>\n\n\n\n<p class=\"p1\">La Juventus apost\u00f3 a que el tiempo, la salida del jugador y la narrativa del \u201ctodos perdimos\u201d jugar\u00edan a su favor. Perdi\u00f3 la apuesta. Los jueces fueron claros: el acuerdo no anulaba derechos, y el retraso en reclamar no borra una deuda. Fin del debate.<\/p>\n\n\n\n<p class=\"p1\">Lo ir\u00f3nico es que el tribunal ya hab\u00eda sido generoso. Concedi\u00f3 solo la mitad de lo que originalmente se adeudaba. Ni siquiera fue un triunfo absoluto para Ronaldo, pero s\u00ed una derrota simb\u00f3lica para un club acostumbrado a doblar reglas como si fueran defensas mal paradas.<\/p>\n\n\n\n<p class=\"p1\">Este caso no trata de simpat\u00edas ni de egos, aunque ambos sobren. Trata de una instituci\u00f3n que confundi\u00f3 poder con impunidad y de un jugador que, lejos del relato del villano millonario, decidi\u00f3 ir hasta el final. No por orgullo, sino por principio. Y por contrato.<\/p>\n\n\n\n<p class=\"p1\">La Juventus sale otra vez del campo con la cabeza gacha, sumando un cap\u00edtulo m\u00e1s a una d\u00e9cada donde los problemas ya no nacen en la cancha, sino en los despachos. El VAR judicial no entiende de historia, solo de hechos. Y esta jugada estaba clara desde el inicio.<\/p>\n\n\n\n<p><\/p>\n\n\n\n<p>\u270d\ufe0f \u00a9\ufe0f 2026&nbsp; Pepe fuera de campo \/ SportJournal.pictures \u2013 All Rights Reserved<\/p>\n\n\n\n<p><\/p>\n\n\n<hr style=\"\n    border: none;\n    height: 1px;\n    background: linear-gradient(to right, transparent, #ccc, transparent);\n    margin: 0;\n\" \/>\n<\/p>\n<p><small>\u00a9\ufe0f2026  Guzzo Photos  &#038; Graphic Publications \u2013 All Rights Reserved \u2013 Copyright \u00a9\ufe0f 2026 SalaStampa.eu, world press service \u2013 Guzzo Photos &#038; Graphic Publications \u2013 Registro Editori e Stampatori n. 1441 Turin, Italy<\/small><\/p>\n\n\n<p><\/p>\n","protected":false},"excerpt":{"rendered":"<p>La justicia pit\u00f3 final, revis\u00f3 la jugada y dej\u00f3 a la Juventus protestando sola en mitad del campo.<\/p>\n","protected":false},"author":1,"featured_media":1487,"comment_status":"closed","ping_status":"closed","sticky":false,"template":"","format":"standard","meta":{"footnotes":"","_links_to":"","_links_to_target":""},"categories":[28,25,19],"tags":[35],"class_list":["post-1486","post","type-post","status-publish","format-standard","has-post-thumbnail","hentry","category-caninfo","category-futbol","category-noticias","tag-castellano","entry","rows"],"yoast_head":"<!-- This site is optimized with the Yoast SEO plugin v26.9 - https:\/\/yoast.com\/product\/yoast-seo-wordpress\/ -->\n<title>El VAR dio raz\u00f3n a Ronaldo - Sport Journal Pictures<\/title>\n<meta name=\"description\" content=\"Got a Passion for Sport Action? Here You Are!\" \/>\n<meta name=\"robots\" content=\"index, follow, max-snippet:-1, max-image-preview:large, max-video-preview:-1\" \/>\n<link rel=\"canonical\" href=\"https:\/\/sportjournal.pictures\/press\/2026\/01\/20\/var-torino\/\" \/>\n<meta property=\"og:locale\" content=\"es_ES\" \/>\n<meta property=\"og:type\" content=\"article\" \/>\n<meta property=\"og:title\" content=\"El VAR dio raz\u00f3n a Ronaldo - Sport Journal Pictures\" \/>\n<meta property=\"og:description\" content=\"Got a Passion for Sport Action? Here You Are!\" \/>\n<meta property=\"og:url\" content=\"https:\/\/sportjournal.pictures\/press\/2026\/01\/20\/var-torino\/\" \/>\n<meta property=\"og:site_name\" content=\"Sport Journal Pictures\" \/>\n<meta property=\"article:published_time\" content=\"2026-01-20T12:01:44+00:00\" \/>\n<meta property=\"og:image\" content=\"https:\/\/sportjournal.pictures\/press\/images\/2026\/01\/img_1502.jpg\" \/>\n\t<meta property=\"og:image:width\" content=\"800\" \/>\n\t<meta property=\"og:image:height\" content=\"534\" \/>\n\t<meta property=\"og:image:type\" content=\"image\/jpeg\" \/>\n<meta name=\"author\" content=\"Guzzo Photos &amp; Graphic Publications\" \/>\n<meta name=\"twitter:card\" content=\"summary_large_image\" \/>\n<meta name=\"twitter:label1\" content=\"Escrito por\" \/>\n\t<meta name=\"twitter:data1\" content=\"Guzzo Photos &amp; Graphic Publications\" \/>\n\t<meta name=\"twitter:label2\" content=\"Tiempo de lectura\" \/>\n\t<meta name=\"twitter:data2\" content=\"2 minutos\" \/>\n<script type=\"application\/ld+json\" class=\"yoast-schema-graph\">{\"@context\":\"https:\/\/schema.org\",\"@graph\":[{\"@type\":\"Article\",\"@id\":\"https:\/\/sportjournal.pictures\/press\/2026\/01\/20\/var-torino\/#article\",\"isPartOf\":{\"@id\":\"https:\/\/sportjournal.pictures\/press\/2026\/01\/20\/var-torino\/\"},\"author\":{\"name\":\"Guzzo Photos &amp; Graphic Publications\",\"@id\":\"https:\/\/sportjournal.pictures\/press\/#\/schema\/person\/6b16fad255b292d29fbe31473e57f534\"},\"headline\":\"El VAR dio raz\u00f3n a Ronaldo\",\"datePublished\":\"2026-01-20T12:01:44+00:00\",\"mainEntityOfPage\":{\"@id\":\"https:\/\/sportjournal.pictures\/press\/2026\/01\/20\/var-torino\/\"},\"wordCount\":444,\"publisher\":{\"@id\":\"https:\/\/sportjournal.pictures\/press\/#organization\"},\"image\":{\"@id\":\"https:\/\/sportjournal.pictures\/press\/2026\/01\/20\/var-torino\/#primaryimage\"},\"thumbnailUrl\":\"https:\/\/sportjournal.pictures\/press\/images\/2026\/01\/img_1502.jpg\",\"keywords\":[\"CASTELLANO\"],\"articleSection\":[\".\",\"Futbol\",\"NOTICIAS\"],\"inLanguage\":\"es\"},{\"@type\":\"WebPage\",\"@id\":\"https:\/\/sportjournal.pictures\/press\/2026\/01\/20\/var-torino\/\",\"url\":\"https:\/\/sportjournal.pictures\/press\/2026\/01\/20\/var-torino\/\",\"name\":\"El VAR dio raz\u00f3n a Ronaldo - Sport Journal Pictures\",\"isPartOf\":{\"@id\":\"https:\/\/sportjournal.pictures\/press\/#website\"},\"primaryImageOfPage\":{\"@id\":\"https:\/\/sportjournal.pictures\/press\/2026\/01\/20\/var-torino\/#primaryimage\"},\"image\":{\"@id\":\"https:\/\/sportjournal.pictures\/press\/2026\/01\/20\/var-torino\/#primaryimage\"},\"thumbnailUrl\":\"https:\/\/sportjournal.pictures\/press\/images\/2026\/01\/img_1502.jpg\",\"datePublished\":\"2026-01-20T12:01:44+00:00\",\"description\":\"Got a Passion for Sport Action? Here You Are!\",\"breadcrumb\":{\"@id\":\"https:\/\/sportjournal.pictures\/press\/2026\/01\/20\/var-torino\/#breadcrumb\"},\"inLanguage\":\"es\",\"potentialAction\":[{\"@type\":\"ReadAction\",\"target\":[\"https:\/\/sportjournal.pictures\/press\/2026\/01\/20\/var-torino\/\"]}]},{\"@type\":\"ImageObject\",\"inLanguage\":\"es\",\"@id\":\"https:\/\/sportjournal.pictures\/press\/2026\/01\/20\/var-torino\/#primaryimage\",\"url\":\"https:\/\/sportjournal.pictures\/press\/images\/2026\/01\/img_1502.jpg\",\"contentUrl\":\"https:\/\/sportjournal.pictures\/press\/images\/2026\/01\/img_1502.jpg\",\"width\":800,\"height\":534},{\"@type\":\"BreadcrumbList\",\"@id\":\"https:\/\/sportjournal.pictures\/press\/2026\/01\/20\/var-torino\/#breadcrumb\",\"itemListElement\":[{\"@type\":\"ListItem\",\"position\":1,\"name\":\"Home\",\"item\":\"https:\/\/sportjournal.pictures\/press\/\"},{\"@type\":\"ListItem\",\"position\":2,\"name\":\"El VAR dio raz\u00f3n a Ronaldo\"}]},{\"@type\":\"WebSite\",\"@id\":\"https:\/\/sportjournal.pictures\/press\/#website\",\"url\":\"https:\/\/sportjournal.pictures\/press\/\",\"name\":\"Sport Journal Pictures\",\"description\":\"Got a Passion for Sport Action? Here You Are!\",\"publisher\":{\"@id\":\"https:\/\/sportjournal.pictures\/press\/#organization\"},\"potentialAction\":[{\"@type\":\"SearchAction\",\"target\":{\"@type\":\"EntryPoint\",\"urlTemplate\":\"https:\/\/sportjournal.pictures\/press\/?s={search_term_string}\"},\"query-input\":{\"@type\":\"PropertyValueSpecification\",\"valueRequired\":true,\"valueName\":\"search_term_string\"}}],\"inLanguage\":\"es\"},{\"@type\":\"Organization\",\"@id\":\"https:\/\/sportjournal.pictures\/press\/#organization\",\"name\":\"Guzzo Photos & Graphic Publications\",\"url\":\"https:\/\/sportjournal.pictures\/press\/\",\"logo\":{\"@type\":\"ImageObject\",\"inLanguage\":\"es\",\"@id\":\"https:\/\/sportjournal.pictures\/press\/#\/schema\/logo\/image\/\",\"url\":\"https:\/\/sportjournal.pictures\/press\/images\/2020\/01\/cropped-sportjournalpictures.png\",\"contentUrl\":\"https:\/\/sportjournal.pictures\/press\/images\/2020\/01\/cropped-sportjournalpictures.png\",\"width\":237,\"height\":113,\"caption\":\"Guzzo Photos & Graphic Publications\"},\"image\":{\"@id\":\"https:\/\/sportjournal.pictures\/press\/#\/schema\/logo\/image\/\"}},{\"@type\":\"Person\",\"@id\":\"https:\/\/sportjournal.pictures\/press\/#\/schema\/person\/6b16fad255b292d29fbe31473e57f534\",\"name\":\"Guzzo Photos &amp; Graphic Publications\"}]}<\/script>\n<!-- \/ Yoast SEO plugin. -->","yoast_head_json":{"title":"El VAR dio raz\u00f3n a Ronaldo - Sport Journal Pictures","description":"Got a Passion for Sport Action? Here You Are!","robots":{"index":"index","follow":"follow","max-snippet":"max-snippet:-1","max-image-preview":"max-image-preview:large","max-video-preview":"max-video-preview:-1"},"canonical":"https:\/\/sportjournal.pictures\/press\/2026\/01\/20\/var-torino\/","og_locale":"es_ES","og_type":"article","og_title":"El VAR dio raz\u00f3n a Ronaldo - Sport Journal Pictures","og_description":"Got a Passion for Sport Action? Here You Are!","og_url":"https:\/\/sportjournal.pictures\/press\/2026\/01\/20\/var-torino\/","og_site_name":"Sport Journal Pictures","article_published_time":"2026-01-20T12:01:44+00:00","og_image":[{"width":800,"height":534,"url":"https:\/\/sportjournal.pictures\/press\/images\/2026\/01\/img_1502.jpg","type":"image\/jpeg"}],"author":"Guzzo Photos &amp; Graphic Publications","twitter_card":"summary_large_image","twitter_misc":{"Escrito por":"Guzzo Photos &amp; Graphic Publications","Tiempo de lectura":"2 minutos"},"schema":{"@context":"https:\/\/schema.org","@graph":[{"@type":"Article","@id":"https:\/\/sportjournal.pictures\/press\/2026\/01\/20\/var-torino\/#article","isPartOf":{"@id":"https:\/\/sportjournal.pictures\/press\/2026\/01\/20\/var-torino\/"},"author":{"name":"Guzzo Photos &amp; Graphic Publications","@id":"https:\/\/sportjournal.pictures\/press\/#\/schema\/person\/6b16fad255b292d29fbe31473e57f534"},"headline":"El VAR dio raz\u00f3n a Ronaldo","datePublished":"2026-01-20T12:01:44+00:00","mainEntityOfPage":{"@id":"https:\/\/sportjournal.pictures\/press\/2026\/01\/20\/var-torino\/"},"wordCount":444,"publisher":{"@id":"https:\/\/sportjournal.pictures\/press\/#organization"},"image":{"@id":"https:\/\/sportjournal.pictures\/press\/2026\/01\/20\/var-torino\/#primaryimage"},"thumbnailUrl":"https:\/\/sportjournal.pictures\/press\/images\/2026\/01\/img_1502.jpg","keywords":["CASTELLANO"],"articleSection":[".","Futbol","NOTICIAS"],"inLanguage":"es"},{"@type":"WebPage","@id":"https:\/\/sportjournal.pictures\/press\/2026\/01\/20\/var-torino\/","url":"https:\/\/sportjournal.pictures\/press\/2026\/01\/20\/var-torino\/","name":"El VAR dio raz\u00f3n a Ronaldo - Sport Journal Pictures","isPartOf":{"@id":"https:\/\/sportjournal.pictures\/press\/#website"},"primaryImageOfPage":{"@id":"https:\/\/sportjournal.pictures\/press\/2026\/01\/20\/var-torino\/#primaryimage"},"image":{"@id":"https:\/\/sportjournal.pictures\/press\/2026\/01\/20\/var-torino\/#primaryimage"},"thumbnailUrl":"https:\/\/sportjournal.pictures\/press\/images\/2026\/01\/img_1502.jpg","datePublished":"2026-01-20T12:01:44+00:00","description":"Got a Passion for Sport Action? Here You Are!","breadcrumb":{"@id":"https:\/\/sportjournal.pictures\/press\/2026\/01\/20\/var-torino\/#breadcrumb"},"inLanguage":"es","potentialAction":[{"@type":"ReadAction","target":["https:\/\/sportjournal.pictures\/press\/2026\/01\/20\/var-torino\/"]}]},{"@type":"ImageObject","inLanguage":"es","@id":"https:\/\/sportjournal.pictures\/press\/2026\/01\/20\/var-torino\/#primaryimage","url":"https:\/\/sportjournal.pictures\/press\/images\/2026\/01\/img_1502.jpg","contentUrl":"https:\/\/sportjournal.pictures\/press\/images\/2026\/01\/img_1502.jpg","width":800,"height":534},{"@type":"BreadcrumbList","@id":"https:\/\/sportjournal.pictures\/press\/2026\/01\/20\/var-torino\/#breadcrumb","itemListElement":[{"@type":"ListItem","position":1,"name":"Home","item":"https:\/\/sportjournal.pictures\/press\/"},{"@type":"ListItem","position":2,"name":"El VAR dio raz\u00f3n a Ronaldo"}]},{"@type":"WebSite","@id":"https:\/\/sportjournal.pictures\/press\/#website","url":"https:\/\/sportjournal.pictures\/press\/","name":"Sport Journal Pictures","description":"Got a Passion for Sport Action? Here You Are!","publisher":{"@id":"https:\/\/sportjournal.pictures\/press\/#organization"},"potentialAction":[{"@type":"SearchAction","target":{"@type":"EntryPoint","urlTemplate":"https:\/\/sportjournal.pictures\/press\/?s={search_term_string}"},"query-input":{"@type":"PropertyValueSpecification","valueRequired":true,"valueName":"search_term_string"}}],"inLanguage":"es"},{"@type":"Organization","@id":"https:\/\/sportjournal.pictures\/press\/#organization","name":"Guzzo Photos & Graphic Publications","url":"https:\/\/sportjournal.pictures\/press\/","logo":{"@type":"ImageObject","inLanguage":"es","@id":"https:\/\/sportjournal.pictures\/press\/#\/schema\/logo\/image\/","url":"https:\/\/sportjournal.pictures\/press\/images\/2020\/01\/cropped-sportjournalpictures.png","contentUrl":"https:\/\/sportjournal.pictures\/press\/images\/2020\/01\/cropped-sportjournalpictures.png","width":237,"height":113,"caption":"Guzzo Photos & Graphic Publications"},"image":{"@id":"https:\/\/sportjournal.pictures\/press\/#\/schema\/logo\/image\/"}},{"@type":"Person","@id":"https:\/\/sportjournal.pictures\/press\/#\/schema\/person\/6b16fad255b292d29fbe31473e57f534","name":"Guzzo Photos &amp; Graphic Publications"}]}},"views":199,"_links":{"self":[{"href":"https:\/\/sportjournal.pictures\/press\/wp-json\/wp\/v2\/posts\/1486","targetHints":{"allow":["GET"]}}],"collection":[{"href":"https:\/\/sportjournal.pictures\/press\/wp-json\/wp\/v2\/posts"}],"about":[{"href":"https:\/\/sportjournal.pictures\/press\/wp-json\/wp\/v2\/types\/post"}],"author":[{"embeddable":true,"href":"https:\/\/sportjournal.pictures\/press\/wp-json\/wp\/v2\/users\/1"}],"replies":[{"embeddable":true,"href":"https:\/\/sportjournal.pictures\/press\/wp-json\/wp\/v2\/comments?post=1486"}],"version-history":[{"count":0,"href":"https:\/\/sportjournal.pictures\/press\/wp-json\/wp\/v2\/posts\/1486\/revisions"}],"wp:featuredmedia":[{"embeddable":true,"href":"https:\/\/sportjournal.pictures\/press\/wp-json\/wp\/v2\/media\/1487"}],"wp:attachment":[{"href":"https:\/\/sportjournal.pictures\/press\/wp-json\/wp\/v2\/media?parent=1486"}],"wp:term":[{"taxonomy":"category","embeddable":true,"href":"https:\/\/sportjournal.pictures\/press\/wp-json\/wp\/v2\/categories?post=1486"},{"taxonomy":"post_tag","embeddable":true,"href":"https:\/\/sportjournal.pictures\/press\/wp-json\/wp\/v2\/tags?post=1486"}],"curies":[{"name":"wp","href":"https:\/\/api.w.org\/{rel}","templated":true}]}}